{"id":1753,"date":"2021-06-14T22:39:15","date_gmt":"2021-06-14T20:39:15","guid":{"rendered":"https:\/\/artoislittoral2.com\/?p=1753"},"modified":"2021-06-14T22:43:07","modified_gmt":"2021-06-14T20:43:07","slug":"lasa-au-slalom-dieppois","status":"publish","type":"post","link":"https:\/\/artoislittoral2.com\/index.php\/2021\/06\/14\/lasa-au-slalom-dieppois\/","title":{"rendered":"L&rsquo;ASA au 1er Slalom en cote du Pays Dieppois"},"content":{"rendered":"\t\t<div data-elementor-type=\"wp-post\" data-elementor-id=\"1753\" class=\"elementor elementor-1753\">\n\t\t\t\t\t\t<section class=\"elementor-section elementor-top-section elementor-element elementor-element-6908890 elementor-section-boxed elementor-section-height-default elementor-section-height-default\" data-id=\"6908890\" data-element_type=\"section\" data-e-type=\"section\">\n\t\t\t\t\t\t<div class=\"elementor-container elementor-column-gap-default\">\n\t\t\t\t\t<div class=\"elementor-column elementor-col-100 elementor-top-column elementor-element elementor-element-03009d3\" data-id=\"03009d3\" data-element_type=\"column\" data-e-type=\"column\">\n\t\t\t<div class=\"elementor-widget-wrap elementor-element-populated\">\n\t\t\t\t\t\t<div class=\"elementor-element elementor-element-10c3bf8 elementor-widget elementor-widget-image\" data-id=\"10c3bf8\" data-element_type=\"widget\" data-e-type=\"widget\" data-widget_type=\"image.default\">\n\t\t\t\t<div class=\"elementor-widget-container\">\n\t\t\t\t\t\t\t\t\t\t\t\t\t\t\t<img fetchpriority=\"high\" decoding=\"async\" width=\"640\" height=\"880\" src=\"https:\/\/artoislittoral2.com\/wp-content\/uploads\/2021\/06\/CG-1-745x1024.jpg\" class=\"attachment-large size-large wp-image-1755\" alt=\"\" srcset=\"https:\/\/artoislittoral2.com\/wp-content\/uploads\/2021\/06\/CG-1-745x1024.jpg 745w, https:\/\/artoislittoral2.com\/wp-content\/uploads\/2021\/06\/CG-1-218x300.jpg 218w, https:\/\/artoislittoral2.com\/wp-content\/uploads\/2021\/06\/CG-1-768x1056.jpg 768w, https:\/\/artoislittoral2.com\/wp-content\/uploads\/2021\/06\/CG-1-300x413.jpg 300w, https:\/\/artoislittoral2.com\/wp-content\/uploads\/2021\/06\/CG-1.jpg 850w\" sizes=\"(max-width: 640px) 100vw, 640px\" \/>\t\t\t\t\t\t\t\t\t\t\t\t\t\t\t<\/div>\n\t\t\t\t<\/div>\n\t\t\t\t\t<\/div>\n\t\t<\/div>\n\t\t\t\t\t<\/div>\n\t\t<\/section>\n\t\t\t\t<section class=\"elementor-section elementor-top-section elementor-element elementor-element-e3b17cc elementor-section-boxed elementor-section-height-default elementor-section-height-default\" data-id=\"e3b17cc\" data-element_type=\"section\" data-e-type=\"section\">\n\t\t\t\t\t\t<div class=\"elementor-container elementor-column-gap-default\">\n\t\t\t\t\t<div class=\"elementor-column elementor-col-100 elementor-top-column elementor-element elementor-element-1d5b836\" data-id=\"1d5b836\" data-element_type=\"column\" data-e-type=\"column\">\n\t\t\t<div class=\"elementor-widget-wrap elementor-element-populated\">\n\t\t\t\t\t\t<div class=\"elementor-element elementor-element-9fe6eed elementor-widget elementor-widget-image\" data-id=\"9fe6eed\" data-element_type=\"widget\" data-e-type=\"widget\" data-widget_type=\"image.default\">\n\t\t\t\t<div class=\"elementor-widget-container\">\n\t\t\t\t\t\t\t\t\t\t\t\t\t\t\t<img decoding=\"async\" width=\"640\" height=\"880\" src=\"https:\/\/artoislittoral2.com\/wp-content\/uploads\/2021\/06\/CG-2-745x1024.jpg\" class=\"attachment-large size-large wp-image-1754\" alt=\"\" srcset=\"https:\/\/artoislittoral2.com\/wp-content\/uploads\/2021\/06\/CG-2-745x1024.jpg 745w, https:\/\/artoislittoral2.com\/wp-content\/uploads\/2021\/06\/CG-2-218x300.jpg 218w, https:\/\/artoislittoral2.com\/wp-content\/uploads\/2021\/06\/CG-2-768x1056.jpg 768w, https:\/\/artoislittoral2.com\/wp-content\/uploads\/2021\/06\/CG-2-300x413.jpg 300w, https:\/\/artoislittoral2.com\/wp-content\/uploads\/2021\/06\/CG-2.jpg 850w\" sizes=\"(max-width: 640px) 100vw, 640px\" \/>\t\t\t\t\t\t\t\t\t\t\t\t\t\t\t<\/div>\n\t\t\t\t<\/div>\n\t\t\t\t\t<\/div>\n\t\t<\/div>\n\t\t\t\t\t<\/div>\n\t\t<\/section>\n\t\t\t\t<\/div>\n\t\t","protected":false},"excerpt":{"rendered":"","protected":false},"author":1,"featured_media":0,"comment_status":"closed","ping_status":"open","sticky":false,"template":"","format":"standard","meta":{"_jetpack_memberships_contains_paid_content":false,"footnotes":""},"categories":[22],"tags":[],"class_list":["post-1753","post","type-post","status-publish","format-standard","hentry","category-news"],"yoast_head":"<!-- This site is optimized with the Yoast SEO plugin v27.4 - https:\/\/yoast.com\/product\/yoast-seo-wordpress\/ -->\n<title>L&#039;ASA au 1er Slalom en cote du Pays Dieppois - ASA Artois Littoral 2<\/title>\n<meta name=\"robots\" content=\"index, follow, max-snippet:-1, max-image-preview:large, max-video-preview:-1\" \/>\n<link rel=\"canonical\" href=\"https:\/\/artoislittoral2.com\/index.php\/2021\/06\/14\/lasa-au-slalom-dieppois\/\" \/>\n<meta property=\"og:locale\" content=\"fr_FR\" \/>\n<meta property=\"og:type\" content=\"article\" \/>\n<meta property=\"og:title\" content=\"L&#039;ASA au 1er Slalom en cote du Pays Dieppois - ASA Artois Littoral 2\" \/>\n<meta property=\"og:url\" content=\"https:\/\/artoislittoral2.com\/index.php\/2021\/06\/14\/lasa-au-slalom-dieppois\/\" \/>\n<meta property=\"og:site_name\" content=\"ASA Artois Littoral 2\" \/>\n<meta property=\"article:published_time\" content=\"2021-06-14T20:39:15+00:00\" \/>\n<meta property=\"article:modified_time\" content=\"2021-06-14T20:43:07+00:00\" \/>\n<meta property=\"og:image\" content=\"https:\/\/artoislittoral2.com\/wp-content\/uploads\/2021\/06\/CG-1-745x1024.jpg\" \/>\n<meta name=\"author\" content=\"admin1355\" \/>\n<meta name=\"twitter:card\" content=\"summary_large_image\" \/>\n<meta name=\"twitter:label1\" content=\"\u00c9crit par\" \/>\n\t<meta name=\"twitter:data1\" content=\"admin1355\" \/>\n\t<meta name=\"twitter:label2\" content=\"Dur\u00e9e de lecture estim\u00e9e\" \/>\n\t<meta name=\"twitter:data2\" content=\"1 minute\" \/>\n<script type=\"application\/ld+json\" class=\"yoast-schema-graph\">{\"@context\":\"https:\\\/\\\/schema.org\",\"@graph\":[{\"@type\":\"Article\",\"@id\":\"https:\\\/\\\/artoislittoral2.com\\\/index.php\\\/2021\\\/06\\\/14\\\/lasa-au-slalom-dieppois\\\/#article\",\"isPartOf\":{\"@id\":\"https:\\\/\\\/artoislittoral2.com\\\/index.php\\\/2021\\\/06\\\/14\\\/lasa-au-slalom-dieppois\\\/\"},\"author\":{\"name\":\"admin1355\",\"@id\":\"https:\\\/\\\/artoislittoral2.com\\\/#\\\/schema\\\/person\\\/1f679112a7a2025debef0418ebfc9523\"},\"headline\":\"L&rsquo;ASA au 1er Slalom en cote du Pays Dieppois\",\"datePublished\":\"2021-06-14T20:39:15+00:00\",\"dateModified\":\"2021-06-14T20:43:07+00:00\",\"mainEntityOfPage\":{\"@id\":\"https:\\\/\\\/artoislittoral2.com\\\/index.php\\\/2021\\\/06\\\/14\\\/lasa-au-slalom-dieppois\\\/\"},\"wordCount\":10,\"publisher\":{\"@id\":\"https:\\\/\\\/artoislittoral2.com\\\/#organization\"},\"image\":{\"@id\":\"https:\\\/\\\/artoislittoral2.com\\\/index.php\\\/2021\\\/06\\\/14\\\/lasa-au-slalom-dieppois\\\/#primaryimage\"},\"thumbnailUrl\":\"https:\\\/\\\/artoislittoral2.com\\\/wp-content\\\/uploads\\\/2021\\\/06\\\/CG-1-745x1024.jpg\",\"articleSection\":[\"NEWS\"],\"inLanguage\":\"fr-FR\"},{\"@type\":\"WebPage\",\"@id\":\"https:\\\/\\\/artoislittoral2.com\\\/index.php\\\/2021\\\/06\\\/14\\\/lasa-au-slalom-dieppois\\\/\",\"url\":\"https:\\\/\\\/artoislittoral2.com\\\/index.php\\\/2021\\\/06\\\/14\\\/lasa-au-slalom-dieppois\\\/\",\"name\":\"L'ASA au 1er Slalom en cote du Pays Dieppois - ASA Artois Littoral 2\",\"isPartOf\":{\"@id\":\"https:\\\/\\\/artoislittoral2.com\\\/#website\"},\"primaryImageOfPage\":{\"@id\":\"https:\\\/\\\/artoislittoral2.com\\\/index.php\\\/2021\\\/06\\\/14\\\/lasa-au-slalom-dieppois\\\/#primaryimage\"},\"image\":{\"@id\":\"https:\\\/\\\/artoislittoral2.com\\\/index.php\\\/2021\\\/06\\\/14\\\/lasa-au-slalom-dieppois\\\/#primaryimage\"},\"thumbnailUrl\":\"https:\\\/\\\/artoislittoral2.com\\\/wp-content\\\/uploads\\\/2021\\\/06\\\/CG-1-745x1024.jpg\",\"datePublished\":\"2021-06-14T20:39:15+00:00\",\"dateModified\":\"2021-06-14T20:43:07+00:00\",\"breadcrumb\":{\"@id\":\"https:\\\/\\\/artoislittoral2.com\\\/index.php\\\/2021\\\/06\\\/14\\\/lasa-au-slalom-dieppois\\\/#breadcrumb\"},\"inLanguage\":\"fr-FR\",\"potentialAction\":[{\"@type\":\"ReadAction\",\"target\":[\"https:\\\/\\\/artoislittoral2.com\\\/index.php\\\/2021\\\/06\\\/14\\\/lasa-au-slalom-dieppois\\\/\"]}]},{\"@type\":\"ImageObject\",\"inLanguage\":\"fr-FR\",\"@id\":\"https:\\\/\\\/artoislittoral2.com\\\/index.php\\\/2021\\\/06\\\/14\\\/lasa-au-slalom-dieppois\\\/#primaryimage\",\"url\":\"https:\\\/\\\/artoislittoral2.com\\\/wp-content\\\/uploads\\\/2021\\\/06\\\/CG-1.jpg\",\"contentUrl\":\"https:\\\/\\\/artoislittoral2.com\\\/wp-content\\\/uploads\\\/2021\\\/06\\\/CG-1.jpg\",\"width\":850,\"height\":1169},{\"@type\":\"BreadcrumbList\",\"@id\":\"https:\\\/\\\/artoislittoral2.com\\\/index.php\\\/2021\\\/06\\\/14\\\/lasa-au-slalom-dieppois\\\/#breadcrumb\",\"itemListElement\":[{\"@type\":\"ListItem\",\"position\":1,\"name\":\"Accueil\",\"item\":\"https:\\\/\\\/artoislittoral2.com\\\/\"},{\"@type\":\"ListItem\",\"position\":2,\"name\":\"L&rsquo;ASA au 1er Slalom en cote du Pays Dieppois\"}]},{\"@type\":\"WebSite\",\"@id\":\"https:\\\/\\\/artoislittoral2.com\\\/#website\",\"url\":\"https:\\\/\\\/artoislittoral2.com\\\/\",\"name\":\"ASA Artois Littoral 2\",\"description\":\"Bienvenue \u00e0 l&#039;ASA Artois Littoral II\",\"publisher\":{\"@id\":\"https:\\\/\\\/artoislittoral2.com\\\/#organization\"},\"potentialAction\":[{\"@type\":\"SearchAction\",\"target\":{\"@type\":\"EntryPoint\",\"urlTemplate\":\"https:\\\/\\\/artoislittoral2.com\\\/?s={search_term_string}\"},\"query-input\":{\"@type\":\"PropertyValueSpecification\",\"valueRequired\":true,\"valueName\":\"search_term_string\"}}],\"inLanguage\":\"fr-FR\"},{\"@type\":\"Organization\",\"@id\":\"https:\\\/\\\/artoislittoral2.com\\\/#organization\",\"name\":\"ASA Artois Littoral 2\",\"url\":\"https:\\\/\\\/artoislittoral2.com\\\/\",\"logo\":{\"@type\":\"ImageObject\",\"inLanguage\":\"fr-FR\",\"@id\":\"https:\\\/\\\/artoislittoral2.com\\\/#\\\/schema\\\/logo\\\/image\\\/\",\"url\":\"https:\\\/\\\/artoislittoral2.com\\\/wp-content\\\/uploads\\\/2025\\\/11\\\/cropped-cropped-bandeau-2025.jpg\",\"contentUrl\":\"https:\\\/\\\/artoislittoral2.com\\\/wp-content\\\/uploads\\\/2025\\\/11\\\/cropped-cropped-bandeau-2025.jpg\",\"width\":960,\"height\":365,\"caption\":\"ASA Artois Littoral 2\"},\"image\":{\"@id\":\"https:\\\/\\\/artoislittoral2.com\\\/#\\\/schema\\\/logo\\\/image\\\/\"}},{\"@type\":\"Person\",\"@id\":\"https:\\\/\\\/artoislittoral2.com\\\/#\\\/schema\\\/person\\\/1f679112a7a2025debef0418ebfc9523\",\"name\":\"admin1355\",\"image\":{\"@type\":\"ImageObject\",\"inLanguage\":\"fr-FR\",\"@id\":\"https:\\\/\\\/secure.gravatar.com\\\/avatar\\\/74d14e13dcc72d81ec40b91f4a2bae74a056e5df621410897961becf589f254f?s=96&d=mm&r=g\",\"url\":\"https:\\\/\\\/secure.gravatar.com\\\/avatar\\\/74d14e13dcc72d81ec40b91f4a2bae74a056e5df621410897961becf589f254f?s=96&d=mm&r=g\",\"contentUrl\":\"https:\\\/\\\/secure.gravatar.com\\\/avatar\\\/74d14e13dcc72d81ec40b91f4a2bae74a056e5df621410897961becf589f254f?s=96&d=mm&r=g\",\"caption\":\"admin1355\"},\"sameAs\":[\"http:\\\/\\\/artoislittoral2.com\"],\"url\":\"https:\\\/\\\/artoislittoral2.com\\\/index.php\\\/author\\\/admin1355\\\/\"}]}<\/script>\n<!-- \/ Yoast SEO plugin. -->","yoast_head_json":{"title":"L'ASA au 1er Slalom en cote du Pays Dieppois - ASA Artois Littoral 2","robots":{"index":"index","follow":"follow","max-snippet":"max-snippet:-1","max-image-preview":"max-image-preview:large","max-video-preview":"max-video-preview:-1"},"canonical":"https:\/\/artoislittoral2.com\/index.php\/2021\/06\/14\/lasa-au-slalom-dieppois\/","og_locale":"fr_FR","og_type":"article","og_title":"L'ASA au 1er Slalom en cote du Pays Dieppois - ASA Artois Littoral 2","og_url":"https:\/\/artoislittoral2.com\/index.php\/2021\/06\/14\/lasa-au-slalom-dieppois\/","og_site_name":"ASA Artois Littoral 2","article_published_time":"2021-06-14T20:39:15+00:00","article_modified_time":"2021-06-14T20:43:07+00:00","og_image":[{"url":"https:\/\/artoislittoral2.com\/wp-content\/uploads\/2021\/06\/CG-1-745x1024.jpg","type":"","width":"","height":""}],"author":"admin1355","twitter_card":"summary_large_image","twitter_misc":{"\u00c9crit par":"admin1355","Dur\u00e9e de lecture estim\u00e9e":"1 minute"},"schema":{"@context":"https:\/\/schema.org","@graph":[{"@type":"Article","@id":"https:\/\/artoislittoral2.com\/index.php\/2021\/06\/14\/lasa-au-slalom-dieppois\/#article","isPartOf":{"@id":"https:\/\/artoislittoral2.com\/index.php\/2021\/06\/14\/lasa-au-slalom-dieppois\/"},"author":{"name":"admin1355","@id":"https:\/\/artoislittoral2.com\/#\/schema\/person\/1f679112a7a2025debef0418ebfc9523"},"headline":"L&rsquo;ASA au 1er Slalom en cote du Pays Dieppois","datePublished":"2021-06-14T20:39:15+00:00","dateModified":"2021-06-14T20:43:07+00:00","mainEntityOfPage":{"@id":"https:\/\/artoislittoral2.com\/index.php\/2021\/06\/14\/lasa-au-slalom-dieppois\/"},"wordCount":10,"publisher":{"@id":"https:\/\/artoislittoral2.com\/#organization"},"image":{"@id":"https:\/\/artoislittoral2.com\/index.php\/2021\/06\/14\/lasa-au-slalom-dieppois\/#primaryimage"},"thumbnailUrl":"https:\/\/artoislittoral2.com\/wp-content\/uploads\/2021\/06\/CG-1-745x1024.jpg","articleSection":["NEWS"],"inLanguage":"fr-FR"},{"@type":"WebPage","@id":"https:\/\/artoislittoral2.com\/index.php\/2021\/06\/14\/lasa-au-slalom-dieppois\/","url":"https:\/\/artoislittoral2.com\/index.php\/2021\/06\/14\/lasa-au-slalom-dieppois\/","name":"L'ASA au 1er Slalom en cote du Pays Dieppois - ASA Artois Littoral 2","isPartOf":{"@id":"https:\/\/artoislittoral2.com\/#website"},"primaryImageOfPage":{"@id":"https:\/\/artoislittoral2.com\/index.php\/2021\/06\/14\/lasa-au-slalom-dieppois\/#primaryimage"},"image":{"@id":"https:\/\/artoislittoral2.com\/index.php\/2021\/06\/14\/lasa-au-slalom-dieppois\/#primaryimage"},"thumbnailUrl":"https:\/\/artoislittoral2.com\/wp-content\/uploads\/2021\/06\/CG-1-745x1024.jpg","datePublished":"2021-06-14T20:39:15+00:00","dateModified":"2021-06-14T20:43:07+00:00","breadcrumb":{"@id":"https:\/\/artoislittoral2.com\/index.php\/2021\/06\/14\/lasa-au-slalom-dieppois\/#breadcrumb"},"inLanguage":"fr-FR","potentialAction":[{"@type":"ReadAction","target":["https:\/\/artoislittoral2.com\/index.php\/2021\/06\/14\/lasa-au-slalom-dieppois\/"]}]},{"@type":"ImageObject","inLanguage":"fr-FR","@id":"https:\/\/artoislittoral2.com\/index.php\/2021\/06\/14\/lasa-au-slalom-dieppois\/#primaryimage","url":"https:\/\/artoislittoral2.com\/wp-content\/uploads\/2021\/06\/CG-1.jpg","contentUrl":"https:\/\/artoislittoral2.com\/wp-content\/uploads\/2021\/06\/CG-1.jpg","width":850,"height":1169},{"@type":"BreadcrumbList","@id":"https:\/\/artoislittoral2.com\/index.php\/2021\/06\/14\/lasa-au-slalom-dieppois\/#breadcrumb","itemListElement":[{"@type":"ListItem","position":1,"name":"Accueil","item":"https:\/\/artoislittoral2.com\/"},{"@type":"ListItem","position":2,"name":"L&rsquo;ASA au 1er Slalom en cote du Pays Dieppois"}]},{"@type":"WebSite","@id":"https:\/\/artoislittoral2.com\/#website","url":"https:\/\/artoislittoral2.com\/","name":"ASA Artois Littoral 2","description":"Bienvenue \u00e0 l&#039;ASA Artois Littoral II","publisher":{"@id":"https:\/\/artoislittoral2.com\/#organization"},"potentialAction":[{"@type":"SearchAction","target":{"@type":"EntryPoint","urlTemplate":"https:\/\/artoislittoral2.com\/?s={search_term_string}"},"query-input":{"@type":"PropertyValueSpecification","valueRequired":true,"valueName":"search_term_string"}}],"inLanguage":"fr-FR"},{"@type":"Organization","@id":"https:\/\/artoislittoral2.com\/#organization","name":"ASA Artois Littoral 2","url":"https:\/\/artoislittoral2.com\/","logo":{"@type":"ImageObject","inLanguage":"fr-FR","@id":"https:\/\/artoislittoral2.com\/#\/schema\/logo\/image\/","url":"https:\/\/artoislittoral2.com\/wp-content\/uploads\/2025\/11\/cropped-cropped-bandeau-2025.jpg","contentUrl":"https:\/\/artoislittoral2.com\/wp-content\/uploads\/2025\/11\/cropped-cropped-bandeau-2025.jpg","width":960,"height":365,"caption":"ASA Artois Littoral 2"},"image":{"@id":"https:\/\/artoislittoral2.com\/#\/schema\/logo\/image\/"}},{"@type":"Person","@id":"https:\/\/artoislittoral2.com\/#\/schema\/person\/1f679112a7a2025debef0418ebfc9523","name":"admin1355","image":{"@type":"ImageObject","inLanguage":"fr-FR","@id":"https:\/\/secure.gravatar.com\/avatar\/74d14e13dcc72d81ec40b91f4a2bae74a056e5df621410897961becf589f254f?s=96&d=mm&r=g","url":"https:\/\/secure.gravatar.com\/avatar\/74d14e13dcc72d81ec40b91f4a2bae74a056e5df621410897961becf589f254f?s=96&d=mm&r=g","contentUrl":"https:\/\/secure.gravatar.com\/avatar\/74d14e13dcc72d81ec40b91f4a2bae74a056e5df621410897961becf589f254f?s=96&d=mm&r=g","caption":"admin1355"},"sameAs":["http:\/\/artoislittoral2.com"],"url":"https:\/\/artoislittoral2.com\/index.php\/author\/admin1355\/"}]}},"jetpack_featured_media_url":"","jetpack_sharing_enabled":true,"_links":{"self":[{"href":"https:\/\/artoislittoral2.com\/index.php\/wp-json\/wp\/v2\/posts\/1753","targetHints":{"allow":["GET"]}}],"collection":[{"href":"https:\/\/artoislittoral2.com\/index.php\/wp-json\/wp\/v2\/posts"}],"about":[{"href":"https:\/\/artoislittoral2.com\/index.php\/wp-json\/wp\/v2\/types\/post"}],"author":[{"embeddable":true,"href":"https:\/\/artoislittoral2.com\/index.php\/wp-json\/wp\/v2\/users\/1"}],"replies":[{"embeddable":true,"href":"https:\/\/artoislittoral2.com\/index.php\/wp-json\/wp\/v2\/comments?post=1753"}],"version-history":[{"count":5,"href":"https:\/\/artoislittoral2.com\/index.php\/wp-json\/wp\/v2\/posts\/1753\/revisions"}],"predecessor-version":[{"id":1760,"href":"https:\/\/artoislittoral2.com\/index.php\/wp-json\/wp\/v2\/posts\/1753\/revisions\/1760"}],"wp:attachment":[{"href":"https:\/\/artoislittoral2.com\/index.php\/wp-json\/wp\/v2\/media?parent=1753"}],"wp:term":[{"taxonomy":"category","embeddable":true,"href":"https:\/\/artoislittoral2.com\/index.php\/wp-json\/wp\/v2\/categories?post=1753"},{"taxonomy":"post_tag","embeddable":true,"href":"https:\/\/artoislittoral2.com\/index.php\/wp-json\/wp\/v2\/tags?post=1753"}],"curies":[{"name":"wp","href":"https:\/\/api.w.org\/{rel}","templated":true}]}}